{"id":6548,"date":"2023-05-18T15:26:00","date_gmt":"2023-05-18T15:26:00","guid":{"rendered":"https:\/\/iips.usac.edu.gt\/?p=6548"},"modified":"2024-04-30T15:33:55","modified_gmt":"2024-04-30T15:33:55","slug":"conferencia-accesibilidad-web-los-desafios-de-las-plataformas-educativas","status":"publish","type":"post","link":"https:\/\/iips.usac.edu.gt\/?p=6548","title":{"rendered":"Conferencia: Accesibilidad Web: Los Desaf\u00edos de las Plataformas Educativas"},"content":{"rendered":"\n<p>Con la moderaci\u00f3n del investigador del \u00c1rea de Estudios en Discapacidad, Gabriel Escobar Morales; y la participaci\u00f3n de los conferencistas Mark Camacho Escatel y Eneida Rend\u00f3n<\/p>\n\n\n\n<iframe loading=\"lazy\" src=\"https:\/\/www.facebook.com\/plugins\/video.php?height=314&#038;href=https%3A%2F%2Fwww.facebook.com%2FIIPS.ECP%2Fvideos%2F1175684739793868%2F&#038;show_text=false&#038;width=560&#038;t=0\" width=\"560\" height=\"314\" style=\"border:none;overflow:hidden\" scrolling=\"no\" frameborder=\"0\" allowfullscreen=\"true\" allow=\"autoplay; clipboard-write; encrypted-media; picture-in-picture; web-share\" allowFullScreen=\"true\"><\/iframe>\n\n\n\n<figure class=\"wp-block-image size-full\"><img loading=\"lazy\" decoding=\"async\" width=\"768\" height=\"960\" src=\"https:\/\/iips.usac.edu.gt\/wp-content\/uploads\/2024\/04\/image-12.png\" alt=\"\" class=\"wp-image-6549\" srcset=\"https:\/\/iips.usac.edu.gt\/wp-content\/uploads\/2024\/04\/image-12.png 768w, https:\/\/iips.usac.edu.gt\/wp-content\/uploads\/2024\/04\/image-12-240x300.png 240w\" sizes=\"(max-width: 768px) 100vw, 768px\" \/><\/figure>\n","protected":false},"excerpt":{"rendered":"<p>Con la moderaci\u00f3n del investigador del \u00c1rea de Estudios en Discapacidad, Gabriel Escobar Morales; y la participaci\u00f3n de los conferencistas Mark Camacho Escatel y Eneida Rend\u00f3n<\/p>\n","protected":false},"author":2,"featured_media":6550,"comment_status":"closed","ping_status":"closed","sticky":false,"template":"","format":"standard","meta":{"footnotes":""},"categories":[126,135,65],"tags":[],"class_list":{"0":"post-6548","1":"post","2":"type-post","3":"status-publish","4":"format-standard","5":"has-post-thumbnail","7":"category-126","8":"category-accesibilidad","9":"category-area-de-estudios-en-discapacidad","10":"czr-hentry"},"_links":{"self":[{"href":"https:\/\/iips.usac.edu.gt\/index.php?rest_route=\/wp\/v2\/posts\/6548"}],"collection":[{"href":"https:\/\/iips.usac.edu.gt\/index.php?rest_route=\/wp\/v2\/posts"}],"about":[{"href":"https:\/\/iips.usac.edu.gt\/index.php?rest_route=\/wp\/v2\/types\/post"}],"author":[{"embeddable":true,"href":"https:\/\/iips.usac.edu.gt\/index.php?rest_route=\/wp\/v2\/users\/2"}],"replies":[{"embeddable":true,"href":"https:\/\/iips.usac.edu.gt\/index.php?rest_route=%2Fwp%2Fv2%2Fcomments&post=6548"}],"version-history":[{"count":1,"href":"https:\/\/iips.usac.edu.gt\/index.php?rest_route=\/wp\/v2\/posts\/6548\/revisions"}],"predecessor-version":[{"id":6551,"href":"https:\/\/iips.usac.edu.gt\/index.php?rest_route=\/wp\/v2\/posts\/6548\/revisions\/6551"}],"wp:featuredmedia":[{"embeddable":true,"href":"https:\/\/iips.usac.edu.gt\/index.php?rest_route=\/wp\/v2\/media\/6550"}],"wp:attachment":[{"href":"https:\/\/iips.usac.edu.gt\/index.php?rest_route=%2Fwp%2Fv2%2Fmedia&parent=6548"}],"wp:term":[{"taxonomy":"category","embeddable":true,"href":"https:\/\/iips.usac.edu.gt\/index.php?rest_route=%2Fwp%2Fv2%2Fcategories&post=6548"},{"taxonomy":"post_tag","embeddable":true,"href":"https:\/\/iips.usac.edu.gt\/index.php?rest_route=%2Fwp%2Fv2%2Ftags&post=6548"}],"curies":[{"name":"wp","href":"https:\/\/api.w.org\/{rel}","templated":true}]}}