{"id":6556,"date":"2023-04-18T15:42:00","date_gmt":"2023-04-18T15:42:00","guid":{"rendered":"https:\/\/iips.usac.edu.gt\/?p=6556"},"modified":"2024-04-30T15:52:38","modified_gmt":"2024-04-30T15:52:38","slug":"presentacion-de-resultados-del-proyecto-de-investigacion-digi-2022-adecuaciones-curriculares-para-personas-con-discapacidad-en-la-educacion-superior","status":"publish","type":"post","link":"https:\/\/iips.usac.edu.gt\/?p=6556","title":{"rendered":"Presentaci\u00f3n de resultados del proyecto de investigaci\u00f3n DIGI 2022 &#8211; &#8220;Adecuaciones curriculares para personas con discapacidad en la educaci\u00f3n superior&#8221;"},"content":{"rendered":"\n<p>Presentaci\u00f3n a cargo del investigador del \u00c1rea de Estudios en Discapacidad. Le acompa\u00f1a su equipo de investigaci\u00f3n Ingrid Elizondo, Jessica Garc\u00eda y Mar\u00eda Jos\u00e9 Carranza<\/p>\n\n\n\n<iframe loading=\"lazy\" src=\"https:\/\/www.facebook.com\/plugins\/video.php?height=314&#038;href=https%3A%2F%2Fwww.facebook.com%2FIIPS.ECP%2Fvideos%2F840913504049750%2F&#038;show_text=false&#038;width=560&#038;t=0\" width=\"560\" height=\"314\" style=\"border:none;overflow:hidden\" scrolling=\"no\" frameborder=\"0\" allowfullscreen=\"true\" allow=\"autoplay; clipboard-write; encrypted-media; picture-in-picture; web-share\" allowFullScreen=\"true\"><\/iframe>\n\n\n\n<figure class=\"wp-block-image size-large\"><img loading=\"lazy\" decoding=\"async\" width=\"819\" height=\"1024\" src=\"https:\/\/iips.usac.edu.gt\/wp-content\/uploads\/2024\/04\/image-14-819x1024.png\" alt=\"\" class=\"wp-image-6557\" srcset=\"https:\/\/iips.usac.edu.gt\/wp-content\/uploads\/2024\/04\/image-14-819x1024.png 819w, https:\/\/iips.usac.edu.gt\/wp-content\/uploads\/2024\/04\/image-14-240x300.png 240w, https:\/\/iips.usac.edu.gt\/wp-content\/uploads\/2024\/04\/image-14-768x960.png 768w, https:\/\/iips.usac.edu.gt\/wp-content\/uploads\/2024\/04\/image-14.png 1080w\" sizes=\"(max-width: 819px) 100vw, 819px\" \/><\/figure>\n","protected":false},"excerpt":{"rendered":"<p>Presentaci\u00f3n a cargo del investigador del \u00c1rea de Estudios en Discapacidad. Le acompa\u00f1a su equipo de investigaci\u00f3n Ingrid Elizondo, Jessica Garc\u00eda y Mar\u00eda Jos\u00e9 Carranza<\/p>\n","protected":false},"author":2,"featured_media":6558,"comment_status":"closed","ping_status":"closed","sticky":false,"template":"","format":"standard","meta":{"footnotes":""},"categories":[126,65,133,136,125],"tags":[],"class_list":{"0":"post-6556","1":"post","2":"type-post","3":"status-publish","4":"format-standard","5":"has-post-thumbnail","7":"category-126","8":"category-area-de-estudios-en-discapacidad","9":"category-discapacidad-temas","10":"category-educacion","11":"category-eventos-presentaciones","12":"czr-hentry"},"_links":{"self":[{"href":"https:\/\/iips.usac.edu.gt\/index.php?rest_route=\/wp\/v2\/posts\/6556"}],"collection":[{"href":"https:\/\/iips.usac.edu.gt\/index.php?rest_route=\/wp\/v2\/posts"}],"about":[{"href":"https:\/\/iips.usac.edu.gt\/index.php?rest_route=\/wp\/v2\/types\/post"}],"author":[{"embeddable":true,"href":"https:\/\/iips.usac.edu.gt\/index.php?rest_route=\/wp\/v2\/users\/2"}],"replies":[{"embeddable":true,"href":"https:\/\/iips.usac.edu.gt\/index.php?rest_route=%2Fwp%2Fv2%2Fcomments&post=6556"}],"version-history":[{"count":1,"href":"https:\/\/iips.usac.edu.gt\/index.php?rest_route=\/wp\/v2\/posts\/6556\/revisions"}],"predecessor-version":[{"id":6559,"href":"https:\/\/iips.usac.edu.gt\/index.php?rest_route=\/wp\/v2\/posts\/6556\/revisions\/6559"}],"wp:featuredmedia":[{"embeddable":true,"href":"https:\/\/iips.usac.edu.gt\/index.php?rest_route=\/wp\/v2\/media\/6558"}],"wp:attachment":[{"href":"https:\/\/iips.usac.edu.gt\/index.php?rest_route=%2Fwp%2Fv2%2Fmedia&parent=6556"}],"wp:term":[{"taxonomy":"category","embeddable":true,"href":"https:\/\/iips.usac.edu.gt\/index.php?rest_route=%2Fwp%2Fv2%2Fcategories&post=6556"},{"taxonomy":"post_tag","embeddable":true,"href":"https:\/\/iips.usac.edu.gt\/index.php?rest_route=%2Fwp%2Fv2%2Ftags&post=6556"}],"curies":[{"name":"wp","href":"https:\/\/api.w.org\/{rel}","templated":true}]}}